{"id":23854,"date":"2026-05-03T09:08:35","date_gmt":"2026-05-03T07:08:35","guid":{"rendered":"https:\/\/risvegliaticlown.it\/?p=23854"},"modified":"2026-05-03T09:08:38","modified_gmt":"2026-05-03T07:08:38","slug":"leredita-di-gaia-un-ponte-di-solidarieta-tra-memoria-entusiasmo-e-sorriso","status":"publish","type":"post","link":"https:\/\/risvegliaticlown.it\/index.php\/2026\/05\/03\/leredita-di-gaia-un-ponte-di-solidarieta-tra-memoria-entusiasmo-e-sorriso\/","title":{"rendered":"L\u2019eredit\u00e0 di Gaia: un ponte di solidariet\u00e0 tra memoria, entusiasmo e sorriso"},"content":{"rendered":"\t\t<div data-elementor-type=\"wp-post\" data-elementor-id=\"23854\" class=\"elementor elementor-23854\" data-elementor-post-type=\"post\">\n\t\t\t\t<div class=\"elementor-element elementor-element-4e8f0e1 e-con-full e-flex e-con e-parent\" data-id=\"4e8f0e1\" data-element_type=\"container\" data-e-type=\"container\">\n\t\t<div class=\"elementor-element elementor-element-7808ae1 e-flex e-con-boxed e-con e-child\" data-id=\"7808ae1\" data-element_type=\"container\" data-e-type=\"container\">\n\t\t\t\t\t<div class=\"e-con-inner\">\n\t\t\t\t<div class=\"elementor-element elementor-element-8910923 elementor-widget elementor-widget-text-editor\" data-id=\"8910923\" data-element_type=\"widget\" data-e-type=\"widget\" data-widget_type=\"text-editor.default\">\n\t\t\t\t\t\t\t\t\t<p>Presso la suggestiva cornice di San Bernardino, abbiamo vissuto una giornata speciale, un momento profondo di ricordo e, soprattutto, di grande speranza. Come <strong>Risvegliati VIP Brescia<\/strong>, siamo onorati di aver preso parte al &#8220;Giorno di Gaia&#8221;, l\u2019evento che celebra la vita dell\u2019ex studentessa scomparsa nel 2022, a soli 17 anni, a causa di un glioblastoma.<\/p>\t\t\t\t\t\t\t\t<\/div>\n\t\t\t\t<div class=\"elementor-element elementor-element-ac440ed elementor-widget elementor-widget-heading\" data-id=\"ac440ed\" data-element_type=\"widget\" data-e-type=\"widget\" data-widget_type=\"heading.default\">\n\t\t\t\t\t<h2 class=\"elementor-heading-title elementor-size-default\">Trasformare il dolore in un cambiamento positivo<\/h2>\t\t\t\t<\/div>\n\t\t\t\t<div class=\"elementor-element elementor-element-7493f8f elementor-widget elementor-widget-text-editor\" data-id=\"7493f8f\" data-element_type=\"widget\" data-e-type=\"widget\" data-widget_type=\"text-editor.default\">\n\t\t\t\t\t\t\t\t\t<p>Il &#8220;Giorno di Gaia&#8221;, iniziativa nata dal desiderio della mamma di Gaia, Daniela Dotti, non \u00e8 solo una commemorazione, ma un inno alla vita. \u00c8 la testimonianza tangibile di come sia possibile trasformare il dolore in una forza propulsiva, scegliendo di dare spazio al bene e non lasciare che la sofferenza prevalga.<\/p><p>La giornata \u00e8 iniziata con una messa solenne presso la chiesetta di San Bernardino, seguita da un momento di intensa testimonianza e condivisione. Insieme a noi dei *Risvegliati VIP Brescia* e all\u2019associazione *Un sorriso per Matteo e Ettore*, \u00e8 emerso chiaramente un messaggio di ottimismo: affrontare ogni situazione con il sorriso, esattamente come faceva Gaia.<\/p>\t\t\t\t\t\t\t\t<\/div>\n\t\t\t\t<div class=\"elementor-element elementor-element-dc718d3 content-align-left the7-hover-visibility-disabled preserve-img-ratio-cover transform-overlay-yes exceeding-frame-yes elementor-widget elementor-widget-the7-image-widget\" data-id=\"dc718d3\" data-element_type=\"widget\" data-e-type=\"widget\" data-settings=\"{&quot;hover_visibility&quot;:&quot;disabled&quot;}\" data-widget_type=\"the7-image-widget.default\">\n\t\t\t\t<div class=\"elementor-widget-container\">\n\t\t\t\t\t<div class=\"the7-image-container\"><div class=\"the7-image-wrapper the7-elementor-widget the7-transform-container\"><a class=\"post-thumbnail-rollover layzr-bg img-css-resize-wrapper\" href=\"https:\/\/risvegliaticlown.it\/wp-content\/uploads\/2026\/05\/WhatsApp-Image-2026-05-01-at-19.09.29.jpeg\" data-elementor-open-lightbox=\"yes\" data-elementor-lightbox-title=\"WhatsApp Image 2026-05-01 at 19.09.29\" data-e-action-hash=\"#elementor-action%3Aaction%3Dlightbox%26settings%3DeyJpZCI6MjM4NTYsInVybCI6Imh0dHBzOlwvXC9yaXN2ZWdsaWF0aWNsb3duLml0XC93cC1jb250ZW50XC91cGxvYWRzXC8yMDI2XC8wNVwvV2hhdHNBcHAtSW1hZ2UtMjAyNi0wNS0wMS1hdC0xOS4wOS4yOS5qcGVnIn0%3D\"><img fetchpriority=\"high\" decoding=\"async\" width=\"1051\" height=\"834\" src=\"data:image\/svg+xml,%3Csvg%20xmlns%3D&#039;http%3A%2F%2Fwww.w3.org%2F2000%2Fsvg&#039;%20viewBox%3D&#039;0%200%201051%20834&#039;%2F%3E\" class=\"attachment-full size-full preload-me aspect lazy lazy-load\" alt=\"\" sizes=\"(max-width: 1051px) 100vw, 1051px\" style=\"--ratio: 1051 \/ 834;\" data-src=\"https:\/\/risvegliaticlown.it\/wp-content\/uploads\/2026\/05\/WhatsApp-Image-2026-05-01-at-19.09.29.jpeg\" loading=\"eager\" data-srcset=\"https:\/\/risvegliaticlown.it\/wp-content\/uploads\/2026\/05\/WhatsApp-Image-2026-05-01-at-19.09.29.jpeg 1051w, https:\/\/risvegliaticlown.it\/wp-content\/uploads\/2026\/05\/WhatsApp-Image-2026-05-01-at-19.09.29-300x238.jpeg 300w, https:\/\/risvegliaticlown.it\/wp-content\/uploads\/2026\/05\/WhatsApp-Image-2026-05-01-at-19.09.29-1024x813.jpeg 1024w, https:\/\/risvegliaticlown.it\/wp-content\/uploads\/2026\/05\/WhatsApp-Image-2026-05-01-at-19.09.29-768x609.jpeg 768w\" \/><\/a><\/div><\/div>\t\t\t\t<\/div>\n\t\t\t\t<\/div>\n\t\t\t\t<div class=\"elementor-element elementor-element-91b5994 elementor-widget elementor-widget-heading\" data-id=\"91b5994\" data-element_type=\"widget\" data-e-type=\"widget\" data-widget_type=\"heading.default\">\n\t\t\t\t\t<h2 class=\"elementor-heading-title elementor-size-default\">Solidariet\u00e0 in azione: i frutti della generosit\u00e0<\/h2>\t\t\t\t<\/div>\n\t\t\t\t<div class=\"elementor-element elementor-element-bd7431f elementor-widget elementor-widget-text-editor\" data-id=\"bd7431f\" data-element_type=\"widget\" data-e-type=\"widget\" data-widget_type=\"text-editor.default\">\n\t\t\t\t\t\t\t\t\t<p>Il cuore pulsante dell\u2019evento \u00e8 stato il grande impegno nella solidariet\u00e0. L\u2019obiettivo della giornata \u00e8 stato la raccolta di giocattoli, destinati ai bambini ricoverati nei reparti di oncologia pediatrica di Brescia, del Borgo Trento di Verona e del Papa Giovanni XXIII di Bergamo.<\/p><p>Non si tratta di un episodio isolato: nel tempo, il progetto ha gi\u00e0 permesso di concretizzare aiuti fondamentali, come la donazione di un ecografo per le cure palliative, simulatori di realt\u00e0 virtuale, iPad e Nintendo Switch per regalare momenti di svago ai piccoli pazienti, oltre alla realizzazione di una &#8220;ludobarella&#8221; per il trasporto dei bimbi e una sala polifunzionale.<\/p>\t\t\t\t\t\t\t\t<\/div>\n\t\t\t\t<div class=\"elementor-element elementor-element-91934f4 elementor-widget elementor-widget-heading\" data-id=\"91934f4\" data-element_type=\"widget\" data-e-type=\"widget\" data-widget_type=\"heading.default\">\n\t\t\t\t\t<h2 class=\"elementor-heading-title elementor-size-default\">Il nostro impegno continua<\/h2>\t\t\t\t<\/div>\n\t\t\t\t<div class=\"elementor-element elementor-element-7b33ce7 elementor-widget elementor-widget-text-editor\" data-id=\"7b33ce7\" data-element_type=\"widget\" data-e-type=\"widget\" data-widget_type=\"text-editor.default\">\n\t\t\t\t\t\t\t\t\t<p>Partecipare a questo evento ci ha ricordato quanto sia essenziale fare rete. Per noi <strong>Risvegliati VIP Brescia<\/strong>, essere presenti significa portare avanti quel &#8220;contagio&#8221; di positivit\u00e0 che \u00e8 il fulcro del nostro servizio.<\/p><p>Ringraziamo Daniela Dotti per averci reso partecipi di questo percorso di luce. L&#8217;eredit\u00e0 di Gaia ci insegna che, attraverso l&#8217;unione e la solidariet\u00e0, \u00e8 possibile costruire un cambiamento reale e portare un raggio di sole dove ce n&#8217;\u00e8 pi\u00f9 bisogno.<\/p><p>Continueremo a impegnarci per essere, ogni giorno, parte attiva di questo cambiamento, perch\u00e9, come dimostra l&#8217;eredit\u00e0 di Gaia, l&#8217;entusiasmo \u00e8 la risposta pi\u00f9 potente a ogni sfida.<\/p>\t\t\t\t\t\t\t\t<\/div>\n\t\t\t\t\t<\/div>\n\t\t\t\t<\/div>\n\t\t\t\t<\/div>\n\t\t\t\t<\/div>\n\t\t","protected":false},"excerpt":{"rendered":"<p>Vogliamo ringraziare di cuore la Ditta Bonomi per la generosa donazione ricevuta e, soprattutto, per l\u2019accoglienza che ci ha riservato lo scorso dicembre.<\/p>\n","protected":false},"author":1,"featured_media":23856,"comment_status":"closed","ping_status":"open","sticky":false,"template":"","format":"standard","meta":{"footnotes":""},"categories":[1],"tags":[],"class_list":["post-23854","post","type-post","status-publish","format-standard","has-post-thumbnail","hentry","category-senza-categoria"],"yoast_head":"<!-- This site is optimized with the Yoast SEO plugin v27.4 - https:\/\/yoast.com\/product\/yoast-seo-wordpress\/ -->\n<title>L\u2019eredit\u00e0 di Gaia: un ponte di solidariet\u00e0 tra memoria, entusiasmo e sorriso - Risvegliati VIP Brescia<\/title>\n<meta name=\"robots\" content=\"index, follow, max-snippet:-1, max-image-preview:large, max-video-preview:-1\" \/>\n<link rel=\"canonical\" href=\"https:\/\/risvegliaticlown.it\/index.php\/2026\/05\/03\/leredita-di-gaia-un-ponte-di-solidarieta-tra-memoria-entusiasmo-e-sorriso\/\" \/>\n<meta property=\"og:locale\" content=\"it_IT\" \/>\n<meta property=\"og:type\" content=\"article\" \/>\n<meta property=\"og:title\" content=\"L\u2019eredit\u00e0 di Gaia: un ponte di solidariet\u00e0 tra memoria, entusiasmo e sorriso - Risvegliati VIP Brescia\" \/>\n<meta property=\"og:description\" content=\"Vogliamo ringraziare di cuore la Ditta Bonomi per la generosa donazione ricevuta e, soprattutto, per l\u2019accoglienza che ci ha riservato lo scorso dicembre.\" \/>\n<meta property=\"og:url\" content=\"https:\/\/risvegliaticlown.it\/index.php\/2026\/05\/03\/leredita-di-gaia-un-ponte-di-solidarieta-tra-memoria-entusiasmo-e-sorriso\/\" \/>\n<meta property=\"og:site_name\" content=\"Risvegliati VIP Brescia\" \/>\n<meta property=\"article:publisher\" content=\"https:\/\/www.facebook.com\/RISVEGLIATIVIPBRESCIA\" \/>\n<meta property=\"article:published_time\" content=\"2026-05-03T07:08:35+00:00\" \/>\n<meta property=\"article:modified_time\" content=\"2026-05-03T07:08:38+00:00\" \/>\n<meta property=\"og:image\" content=\"https:\/\/risvegliaticlown.it\/wp-content\/uploads\/2026\/05\/WhatsApp-Image-2026-05-01-at-19.09.29.jpeg\" \/>\n\t<meta property=\"og:image:width\" content=\"1051\" \/>\n\t<meta property=\"og:image:height\" content=\"834\" \/>\n\t<meta property=\"og:image:type\" content=\"image\/jpeg\" \/>\n<meta name=\"author\" content=\"risvegliati\" \/>\n<meta name=\"twitter:card\" content=\"summary_large_image\" \/>\n<meta name=\"twitter:label1\" content=\"Scritto da\" \/>\n\t<meta name=\"twitter:data1\" content=\"risvegliati\" \/>\n\t<meta name=\"twitter:label2\" content=\"Tempo di lettura stimato\" \/>\n\t<meta name=\"twitter:data2\" content=\"3 minuti\" \/>\n<script type=\"application\/ld+json\" class=\"yoast-schema-graph\">{\"@context\":\"https:\\\/\\\/schema.org\",\"@graph\":[{\"@type\":\"Article\",\"@id\":\"https:\\\/\\\/risvegliaticlown.it\\\/index.php\\\/2026\\\/05\\\/03\\\/leredita-di-gaia-un-ponte-di-solidarieta-tra-memoria-entusiasmo-e-sorriso\\\/#article\",\"isPartOf\":{\"@id\":\"https:\\\/\\\/risvegliaticlown.it\\\/index.php\\\/2026\\\/05\\\/03\\\/leredita-di-gaia-un-ponte-di-solidarieta-tra-memoria-entusiasmo-e-sorriso\\\/\"},\"author\":{\"name\":\"risvegliati\",\"@id\":\"https:\\\/\\\/risvegliaticlown.it\\\/#\\\/schema\\\/person\\\/95c7e78dd6b7b7cf78f0ab00c64761bb\"},\"headline\":\"L\u2019eredit\u00e0 di Gaia: un ponte di solidariet\u00e0 tra memoria, entusiasmo e sorriso\",\"datePublished\":\"2026-05-03T07:08:35+00:00\",\"dateModified\":\"2026-05-03T07:08:38+00:00\",\"mainEntityOfPage\":{\"@id\":\"https:\\\/\\\/risvegliaticlown.it\\\/index.php\\\/2026\\\/05\\\/03\\\/leredita-di-gaia-un-ponte-di-solidarieta-tra-memoria-entusiasmo-e-sorriso\\\/\"},\"wordCount\":393,\"publisher\":{\"@id\":\"https:\\\/\\\/risvegliaticlown.it\\\/#organization\"},\"image\":{\"@id\":\"https:\\\/\\\/risvegliaticlown.it\\\/index.php\\\/2026\\\/05\\\/03\\\/leredita-di-gaia-un-ponte-di-solidarieta-tra-memoria-entusiasmo-e-sorriso\\\/#primaryimage\"},\"thumbnailUrl\":\"https:\\\/\\\/risvegliaticlown.it\\\/wp-content\\\/uploads\\\/2026\\\/05\\\/WhatsApp-Image-2026-05-01-at-19.09.29.jpeg\",\"inLanguage\":\"it-IT\"},{\"@type\":\"WebPage\",\"@id\":\"https:\\\/\\\/risvegliaticlown.it\\\/index.php\\\/2026\\\/05\\\/03\\\/leredita-di-gaia-un-ponte-di-solidarieta-tra-memoria-entusiasmo-e-sorriso\\\/\",\"url\":\"https:\\\/\\\/risvegliaticlown.it\\\/index.php\\\/2026\\\/05\\\/03\\\/leredita-di-gaia-un-ponte-di-solidarieta-tra-memoria-entusiasmo-e-sorriso\\\/\",\"name\":\"L\u2019eredit\u00e0 di Gaia: un ponte di solidariet\u00e0 tra memoria, entusiasmo e sorriso - Risvegliati VIP Brescia\",\"isPartOf\":{\"@id\":\"https:\\\/\\\/risvegliaticlown.it\\\/#website\"},\"primaryImageOfPage\":{\"@id\":\"https:\\\/\\\/risvegliaticlown.it\\\/index.php\\\/2026\\\/05\\\/03\\\/leredita-di-gaia-un-ponte-di-solidarieta-tra-memoria-entusiasmo-e-sorriso\\\/#primaryimage\"},\"image\":{\"@id\":\"https:\\\/\\\/risvegliaticlown.it\\\/index.php\\\/2026\\\/05\\\/03\\\/leredita-di-gaia-un-ponte-di-solidarieta-tra-memoria-entusiasmo-e-sorriso\\\/#primaryimage\"},\"thumbnailUrl\":\"https:\\\/\\\/risvegliaticlown.it\\\/wp-content\\\/uploads\\\/2026\\\/05\\\/WhatsApp-Image-2026-05-01-at-19.09.29.jpeg\",\"datePublished\":\"2026-05-03T07:08:35+00:00\",\"dateModified\":\"2026-05-03T07:08:38+00:00\",\"breadcrumb\":{\"@id\":\"https:\\\/\\\/risvegliaticlown.it\\\/index.php\\\/2026\\\/05\\\/03\\\/leredita-di-gaia-un-ponte-di-solidarieta-tra-memoria-entusiasmo-e-sorriso\\\/#breadcrumb\"},\"inLanguage\":\"it-IT\",\"potentialAction\":[{\"@type\":\"ReadAction\",\"target\":[\"https:\\\/\\\/risvegliaticlown.it\\\/index.php\\\/2026\\\/05\\\/03\\\/leredita-di-gaia-un-ponte-di-solidarieta-tra-memoria-entusiasmo-e-sorriso\\\/\"]}]},{\"@type\":\"ImageObject\",\"inLanguage\":\"it-IT\",\"@id\":\"https:\\\/\\\/risvegliaticlown.it\\\/index.php\\\/2026\\\/05\\\/03\\\/leredita-di-gaia-un-ponte-di-solidarieta-tra-memoria-entusiasmo-e-sorriso\\\/#primaryimage\",\"url\":\"https:\\\/\\\/risvegliaticlown.it\\\/wp-content\\\/uploads\\\/2026\\\/05\\\/WhatsApp-Image-2026-05-01-at-19.09.29.jpeg\",\"contentUrl\":\"https:\\\/\\\/risvegliaticlown.it\\\/wp-content\\\/uploads\\\/2026\\\/05\\\/WhatsApp-Image-2026-05-01-at-19.09.29.jpeg\",\"width\":1051,\"height\":834},{\"@type\":\"BreadcrumbList\",\"@id\":\"https:\\\/\\\/risvegliaticlown.it\\\/index.php\\\/2026\\\/05\\\/03\\\/leredita-di-gaia-un-ponte-di-solidarieta-tra-memoria-entusiasmo-e-sorriso\\\/#breadcrumb\",\"itemListElement\":[{\"@type\":\"ListItem\",\"position\":1,\"name\":\"Home\",\"item\":\"https:\\\/\\\/risvegliaticlown.it\\\/\"},{\"@type\":\"ListItem\",\"position\":2,\"name\":\"L\u2019eredit\u00e0 di Gaia: un ponte di solidariet\u00e0 tra memoria, entusiasmo e sorriso\"}]},{\"@type\":\"WebSite\",\"@id\":\"https:\\\/\\\/risvegliaticlown.it\\\/#website\",\"url\":\"https:\\\/\\\/risvegliaticlown.it\\\/\",\"name\":\"Risvegliati VIP Brescia\",\"description\":\"Associazione di Volontariato di Clownterapia\",\"publisher\":{\"@id\":\"https:\\\/\\\/risvegliaticlown.it\\\/#organization\"},\"potentialAction\":[{\"@type\":\"SearchAction\",\"target\":{\"@type\":\"EntryPoint\",\"urlTemplate\":\"https:\\\/\\\/risvegliaticlown.it\\\/?s={search_term_string}\"},\"query-input\":{\"@type\":\"PropertyValueSpecification\",\"valueRequired\":true,\"valueName\":\"search_term_string\"}}],\"inLanguage\":\"it-IT\"},{\"@type\":\"Organization\",\"@id\":\"https:\\\/\\\/risvegliaticlown.it\\\/#organization\",\"name\":\"Risvegliati VIP Brescia ODV\",\"url\":\"https:\\\/\\\/risvegliaticlown.it\\\/\",\"logo\":{\"@type\":\"ImageObject\",\"inLanguage\":\"it-IT\",\"@id\":\"https:\\\/\\\/risvegliaticlown.it\\\/#\\\/schema\\\/logo\\\/image\\\/\",\"url\":\"https:\\\/\\\/risvegliaticlown.it\\\/wp-content\\\/uploads\\\/2025\\\/12\\\/Asset-12.png\",\"contentUrl\":\"https:\\\/\\\/risvegliaticlown.it\\\/wp-content\\\/uploads\\\/2025\\\/12\\\/Asset-12.png\",\"width\":1855,\"height\":511,\"caption\":\"Risvegliati VIP Brescia ODV\"},\"image\":{\"@id\":\"https:\\\/\\\/risvegliaticlown.it\\\/#\\\/schema\\\/logo\\\/image\\\/\"},\"sameAs\":[\"https:\\\/\\\/www.facebook.com\\\/RISVEGLIATIVIPBRESCIA\",\"https:\\\/\\\/www.instagram.com\\\/risvegliati_vip_brescia\\\/\",\"https:\\\/\\\/www.youtube.com\\\/@RisvegliatiVIPBrescia\"]},{\"@type\":\"Person\",\"@id\":\"https:\\\/\\\/risvegliaticlown.it\\\/#\\\/schema\\\/person\\\/95c7e78dd6b7b7cf78f0ab00c64761bb\",\"name\":\"risvegliati\",\"image\":{\"@type\":\"ImageObject\",\"inLanguage\":\"it-IT\",\"@id\":\"https:\\\/\\\/secure.gravatar.com\\\/avatar\\\/f26ff2370a1613045a2d1877010a071cfb74c9a1551f34c1a1aa0e00b52c158a?s=96&d=mm&r=g\",\"url\":\"https:\\\/\\\/secure.gravatar.com\\\/avatar\\\/f26ff2370a1613045a2d1877010a071cfb74c9a1551f34c1a1aa0e00b52c158a?s=96&d=mm&r=g\",\"contentUrl\":\"https:\\\/\\\/secure.gravatar.com\\\/avatar\\\/f26ff2370a1613045a2d1877010a071cfb74c9a1551f34c1a1aa0e00b52c158a?s=96&d=mm&r=g\",\"caption\":\"risvegliati\"},\"url\":\"https:\\\/\\\/risvegliaticlown.it\\\/index.php\\\/author\\\/risvegliati\\\/\"}]}<\/script>\n<!-- \/ Yoast SEO plugin. -->","yoast_head_json":{"title":"L\u2019eredit\u00e0 di Gaia: un ponte di solidariet\u00e0 tra memoria, entusiasmo e sorriso - Risvegliati VIP Brescia","robots":{"index":"index","follow":"follow","max-snippet":"max-snippet:-1","max-image-preview":"max-image-preview:large","max-video-preview":"max-video-preview:-1"},"canonical":"https:\/\/risvegliaticlown.it\/index.php\/2026\/05\/03\/leredita-di-gaia-un-ponte-di-solidarieta-tra-memoria-entusiasmo-e-sorriso\/","og_locale":"it_IT","og_type":"article","og_title":"L\u2019eredit\u00e0 di Gaia: un ponte di solidariet\u00e0 tra memoria, entusiasmo e sorriso - Risvegliati VIP Brescia","og_description":"Vogliamo ringraziare di cuore la Ditta Bonomi per la generosa donazione ricevuta e, soprattutto, per l\u2019accoglienza che ci ha riservato lo scorso dicembre.","og_url":"https:\/\/risvegliaticlown.it\/index.php\/2026\/05\/03\/leredita-di-gaia-un-ponte-di-solidarieta-tra-memoria-entusiasmo-e-sorriso\/","og_site_name":"Risvegliati VIP Brescia","article_publisher":"https:\/\/www.facebook.com\/RISVEGLIATIVIPBRESCIA","article_published_time":"2026-05-03T07:08:35+00:00","article_modified_time":"2026-05-03T07:08:38+00:00","og_image":[{"width":1051,"height":834,"url":"https:\/\/risvegliaticlown.it\/wp-content\/uploads\/2026\/05\/WhatsApp-Image-2026-05-01-at-19.09.29.jpeg","type":"image\/jpeg"}],"author":"risvegliati","twitter_card":"summary_large_image","twitter_misc":{"Scritto da":"risvegliati","Tempo di lettura stimato":"3 minuti"},"schema":{"@context":"https:\/\/schema.org","@graph":[{"@type":"Article","@id":"https:\/\/risvegliaticlown.it\/index.php\/2026\/05\/03\/leredita-di-gaia-un-ponte-di-solidarieta-tra-memoria-entusiasmo-e-sorriso\/#article","isPartOf":{"@id":"https:\/\/risvegliaticlown.it\/index.php\/2026\/05\/03\/leredita-di-gaia-un-ponte-di-solidarieta-tra-memoria-entusiasmo-e-sorriso\/"},"author":{"name":"risvegliati","@id":"https:\/\/risvegliaticlown.it\/#\/schema\/person\/95c7e78dd6b7b7cf78f0ab00c64761bb"},"headline":"L\u2019eredit\u00e0 di Gaia: un ponte di solidariet\u00e0 tra memoria, entusiasmo e sorriso","datePublished":"2026-05-03T07:08:35+00:00","dateModified":"2026-05-03T07:08:38+00:00","mainEntityOfPage":{"@id":"https:\/\/risvegliaticlown.it\/index.php\/2026\/05\/03\/leredita-di-gaia-un-ponte-di-solidarieta-tra-memoria-entusiasmo-e-sorriso\/"},"wordCount":393,"publisher":{"@id":"https:\/\/risvegliaticlown.it\/#organization"},"image":{"@id":"https:\/\/risvegliaticlown.it\/index.php\/2026\/05\/03\/leredita-di-gaia-un-ponte-di-solidarieta-tra-memoria-entusiasmo-e-sorriso\/#primaryimage"},"thumbnailUrl":"https:\/\/risvegliaticlown.it\/wp-content\/uploads\/2026\/05\/WhatsApp-Image-2026-05-01-at-19.09.29.jpeg","inLanguage":"it-IT"},{"@type":"WebPage","@id":"https:\/\/risvegliaticlown.it\/index.php\/2026\/05\/03\/leredita-di-gaia-un-ponte-di-solidarieta-tra-memoria-entusiasmo-e-sorriso\/","url":"https:\/\/risvegliaticlown.it\/index.php\/2026\/05\/03\/leredita-di-gaia-un-ponte-di-solidarieta-tra-memoria-entusiasmo-e-sorriso\/","name":"L\u2019eredit\u00e0 di Gaia: un ponte di solidariet\u00e0 tra memoria, entusiasmo e sorriso - Risvegliati VIP Brescia","isPartOf":{"@id":"https:\/\/risvegliaticlown.it\/#website"},"primaryImageOfPage":{"@id":"https:\/\/risvegliaticlown.it\/index.php\/2026\/05\/03\/leredita-di-gaia-un-ponte-di-solidarieta-tra-memoria-entusiasmo-e-sorriso\/#primaryimage"},"image":{"@id":"https:\/\/risvegliaticlown.it\/index.php\/2026\/05\/03\/leredita-di-gaia-un-ponte-di-solidarieta-tra-memoria-entusiasmo-e-sorriso\/#primaryimage"},"thumbnailUrl":"https:\/\/risvegliaticlown.it\/wp-content\/uploads\/2026\/05\/WhatsApp-Image-2026-05-01-at-19.09.29.jpeg","datePublished":"2026-05-03T07:08:35+00:00","dateModified":"2026-05-03T07:08:38+00:00","breadcrumb":{"@id":"https:\/\/risvegliaticlown.it\/index.php\/2026\/05\/03\/leredita-di-gaia-un-ponte-di-solidarieta-tra-memoria-entusiasmo-e-sorriso\/#breadcrumb"},"inLanguage":"it-IT","potentialAction":[{"@type":"ReadAction","target":["https:\/\/risvegliaticlown.it\/index.php\/2026\/05\/03\/leredita-di-gaia-un-ponte-di-solidarieta-tra-memoria-entusiasmo-e-sorriso\/"]}]},{"@type":"ImageObject","inLanguage":"it-IT","@id":"https:\/\/risvegliaticlown.it\/index.php\/2026\/05\/03\/leredita-di-gaia-un-ponte-di-solidarieta-tra-memoria-entusiasmo-e-sorriso\/#primaryimage","url":"https:\/\/risvegliaticlown.it\/wp-content\/uploads\/2026\/05\/WhatsApp-Image-2026-05-01-at-19.09.29.jpeg","contentUrl":"https:\/\/risvegliaticlown.it\/wp-content\/uploads\/2026\/05\/WhatsApp-Image-2026-05-01-at-19.09.29.jpeg","width":1051,"height":834},{"@type":"BreadcrumbList","@id":"https:\/\/risvegliaticlown.it\/index.php\/2026\/05\/03\/leredita-di-gaia-un-ponte-di-solidarieta-tra-memoria-entusiasmo-e-sorriso\/#breadcrumb","itemListElement":[{"@type":"ListItem","position":1,"name":"Home","item":"https:\/\/risvegliaticlown.it\/"},{"@type":"ListItem","position":2,"name":"L\u2019eredit\u00e0 di Gaia: un ponte di solidariet\u00e0 tra memoria, entusiasmo e sorriso"}]},{"@type":"WebSite","@id":"https:\/\/risvegliaticlown.it\/#website","url":"https:\/\/risvegliaticlown.it\/","name":"Risvegliati VIP Brescia","description":"Associazione di Volontariato di Clownterapia","publisher":{"@id":"https:\/\/risvegliaticlown.it\/#organization"},"potentialAction":[{"@type":"SearchAction","target":{"@type":"EntryPoint","urlTemplate":"https:\/\/risvegliaticlown.it\/?s={search_term_string}"},"query-input":{"@type":"PropertyValueSpecification","valueRequired":true,"valueName":"search_term_string"}}],"inLanguage":"it-IT"},{"@type":"Organization","@id":"https:\/\/risvegliaticlown.it\/#organization","name":"Risvegliati VIP Brescia ODV","url":"https:\/\/risvegliaticlown.it\/","logo":{"@type":"ImageObject","inLanguage":"it-IT","@id":"https:\/\/risvegliaticlown.it\/#\/schema\/logo\/image\/","url":"https:\/\/risvegliaticlown.it\/wp-content\/uploads\/2025\/12\/Asset-12.png","contentUrl":"https:\/\/risvegliaticlown.it\/wp-content\/uploads\/2025\/12\/Asset-12.png","width":1855,"height":511,"caption":"Risvegliati VIP Brescia ODV"},"image":{"@id":"https:\/\/risvegliaticlown.it\/#\/schema\/logo\/image\/"},"sameAs":["https:\/\/www.facebook.com\/RISVEGLIATIVIPBRESCIA","https:\/\/www.instagram.com\/risvegliati_vip_brescia\/","https:\/\/www.youtube.com\/@RisvegliatiVIPBrescia"]},{"@type":"Person","@id":"https:\/\/risvegliaticlown.it\/#\/schema\/person\/95c7e78dd6b7b7cf78f0ab00c64761bb","name":"risvegliati","image":{"@type":"ImageObject","inLanguage":"it-IT","@id":"https:\/\/secure.gravatar.com\/avatar\/f26ff2370a1613045a2d1877010a071cfb74c9a1551f34c1a1aa0e00b52c158a?s=96&d=mm&r=g","url":"https:\/\/secure.gravatar.com\/avatar\/f26ff2370a1613045a2d1877010a071cfb74c9a1551f34c1a1aa0e00b52c158a?s=96&d=mm&r=g","contentUrl":"https:\/\/secure.gravatar.com\/avatar\/f26ff2370a1613045a2d1877010a071cfb74c9a1551f34c1a1aa0e00b52c158a?s=96&d=mm&r=g","caption":"risvegliati"},"url":"https:\/\/risvegliaticlown.it\/index.php\/author\/risvegliati\/"}]}},"_links":{"self":[{"href":"https:\/\/risvegliaticlown.it\/index.php\/wp-json\/wp\/v2\/posts\/23854","targetHints":{"allow":["GET"]}}],"collection":[{"href":"https:\/\/risvegliaticlown.it\/index.php\/wp-json\/wp\/v2\/posts"}],"about":[{"href":"https:\/\/risvegliaticlown.it\/index.php\/wp-json\/wp\/v2\/types\/post"}],"author":[{"embeddable":true,"href":"https:\/\/risvegliaticlown.it\/index.php\/wp-json\/wp\/v2\/users\/1"}],"replies":[{"embeddable":true,"href":"https:\/\/risvegliaticlown.it\/index.php\/wp-json\/wp\/v2\/comments?post=23854"}],"version-history":[{"count":5,"href":"https:\/\/risvegliaticlown.it\/index.php\/wp-json\/wp\/v2\/posts\/23854\/revisions"}],"predecessor-version":[{"id":23860,"href":"https:\/\/risvegliaticlown.it\/index.php\/wp-json\/wp\/v2\/posts\/23854\/revisions\/23860"}],"wp:featuredmedia":[{"embeddable":true,"href":"https:\/\/risvegliaticlown.it\/index.php\/wp-json\/wp\/v2\/media\/23856"}],"wp:attachment":[{"href":"https:\/\/risvegliaticlown.it\/index.php\/wp-json\/wp\/v2\/media?parent=23854"}],"wp:term":[{"taxonomy":"category","embeddable":true,"href":"https:\/\/risvegliaticlown.it\/index.php\/wp-json\/wp\/v2\/categories?post=23854"},{"taxonomy":"post_tag","embeddable":true,"href":"https:\/\/risvegliaticlown.it\/index.php\/wp-json\/wp\/v2\/tags?post=23854"}],"curies":[{"name":"wp","href":"https:\/\/api.w.org\/{rel}","templated":true}]}}